{"id":3315,"date":"2026-03-13T11:04:39","date_gmt":"2026-03-13T10:04:39","guid":{"rendered":"https:\/\/sfecag.org\/?p=3315"},"modified":"2026-03-13T11:04:39","modified_gmt":"2026-03-13T10:04:39","slug":"congres-des-rcrf-madrid-28-09-02-10-2026","status":"publish","type":"post","link":"https:\/\/sfecag.org\/index.php\/2026\/03\/13\/congres-des-rcrf-madrid-28-09-02-10-2026\/","title":{"rendered":"Congr\u00e8s des RCRF &#8211; Madrid 28.09-02.10.2026"},"content":{"rendered":"<h2 class=\"hP\" tabindex=\"-1\" data-thread-perm-id=\"thread-f:1859528917944531500|msg-f:1859528917944531500\" data-legacy-thread-id=\"19ce5fb2dba67a2c\"><a href=\"http:\/\/sfecag.org\/wp-content\/uploads\/2026\/03\/Poster_RCRF_Def-Final.pdf\">Poster_RCRF_Def Final<\/a><\/h2>\n<h2 class=\"hP\" tabindex=\"-1\" data-thread-perm-id=\"thread-f:1859528917944531500|msg-f:1859528917944531500\" data-legacy-thread-id=\"19ce5fb2dba67a2c\">Interconnected Pottery Geographies &#8211; Congreso RCRF 2026 Madrid<\/h2>\n<div>Estimados\/as amigos\/as,<\/div>\n<div><\/div>\n<div>A finales del pr\u00f3ximo mes de septiembre organizamos en Madrid el <a href=\"https:\/\/www.fautores.org\/\" target=\"_blank\" rel=\"noopener\" data-saferedirecturl=\"https:\/\/www.google.com\/url?q=https:\/\/www.fautores.org\/&amp;source=gmail&amp;ust=1773482515217000&amp;usg=AOvVaw01iRyVjISCcUzCKOYV2W5F\">Rei Cretariae Romanae Fautores<\/a>, el congreso bianual europeo sobre cer\u00e1mica que recae por segunda vez en su historia en nuestro pa\u00eds. El tema de este a\u00f1o es \u00ab\u00a0Interconnected Pottery Geographies. Reflections of cross-cultural contacts in the Roman and Late Antique World\u00a0\u00bb, una perspectiva tanto geogr\u00e1fica como cronol\u00f3gica amplia que esperamos sea del inter\u00e9s de muchos de vosotro\/as. Ten\u00e9is toda la informaci\u00f3n en la web del congreso:\u00a0\u00a0<a href=\"https:\/\/rcrfmadrid2026.webflow.io\/\" target=\"_blank\" rel=\"noopener\" data-saferedirecturl=\"https:\/\/www.google.com\/url?q=https:\/\/rcrfmadrid2026.webflow.io\/&amp;source=gmail&amp;ust=1773482515217000&amp;usg=AOvVaw1Dx-Yn50SE6g4U37bTq0Ak\">https:\/\/<wbr \/>rcrfmadrid2026.webflow.io\/<\/a><\/div>\n<div><\/div>\n<div>En la misma se puede descargar el documento para presentar una propuesta, que hay que enviar a <a href=\"mailto:reicretmadrid2026@gmail.com\" target=\"_blank\" rel=\"noopener\">reicretmadrid2026@gmail.com<\/a> antes de final de marzo.<\/div>\n<div><\/div>\n<div>Somos conscientes de que este a\u00f1o coinciden diversos congresos internacionales de cer\u00e1mica pero estar\u00edamos encantados de contar con vuestra presencia. Os recordamos que el RCRF tiene un compromiso de publicaci\u00f3n de menos de dos a\u00f1os, presentando siempre las actas del congreso en la siguiente edici\u00f3n (la pr\u00f3xima, en Egipto, Alejandr\u00eda 2028).<\/div>\n<div><\/div>\n<div>Agradeci\u00e9ndoos de antemano el inter\u00e9s y rog\u00e1ndoos le d\u00e9is la m\u00e1xima difusi\u00f3n,<\/div>\n<div>Un cordial saludo.<\/div>\n<div>Horacio &amp; Alejandro.<\/div>\n<div><\/div>\n<div>&#8212;&#8212;&#8212;&#8212;&#8212;<\/div>\n<div><\/div>\n<div>Dear friends,<\/p>\n<p>At the end of September, we will be organising the <a href=\"https:\/\/www.fautores.org\/\" target=\"_blank\" rel=\"noopener\" data-saferedirecturl=\"https:\/\/www.google.com\/url?q=https:\/\/www.fautores.org\/&amp;source=gmail&amp;ust=1773482515217000&amp;usg=AOvVaw01iRyVjISCcUzCKOYV2W5F\">Rei Cretariae Romanae Fautores<\/a>, the biannual European ceramics conference, which is being held in our country for the second time in its history. This year&rsquo;s theme is \u2018Interconnected Pottery Geographies. Reflections of cross-cultural contacts in the Roman and Late Antique World\u2019, a broad geographical and chronological perspective that we hope will be of interest to many of you. All the information is available on the conference website: \u00a0<a href=\"https:\/\/rcrfmadrid2026.webflow.io\/\" target=\"_blank\" rel=\"noopener\" data-saferedirecturl=\"https:\/\/www.google.com\/url?q=https:\/\/rcrfmadrid2026.webflow.io\/&amp;source=gmail&amp;ust=1773482515217000&amp;usg=AOvVaw1Dx-Yn50SE6g4U37bTq0Ak\">https:\/\/rcrfmadrid2026.<wbr \/>webflow.io\/<\/a><\/p>\n<p>On the website, you can download the document to submit a proposal, which must be sent to <a href=\"mailto:reicretmadrid2026@gmail.com\" target=\"_blank\" rel=\"noopener\">reicretmadrid2026@gmail.com<\/a> by the end of March.<\/p>\n<p>We are aware that several international ceramics conferences are taking place this year, but we would be delighted to have you join us. We would like to remind you that the RCRF is committed to publishing within two years, always presenting the conference proceedings in the next edition (the next one will be in Alexandria, Egypt, in 2028).<\/p>\n<p>Thank you in advance for your interest. Please spread the word.<br \/>\nKind regards.<\/p><\/div>\n<div>\n<div>Horacio &amp; Alejandro.<\/div>\n<\/div>\n","protected":false},"excerpt":{"rendered":"<p>Poster_RCRF_Def Final Interconnected Pottery Geographies &#8211; Congreso RCRF 2026 Madrid Estimados\/as amigos\/as, A finales del pr\u00f3ximo mes de septiembre organizamos en Madrid el Rei Cretariae Romanae Fautores, el congreso bianual europeo sobre cer\u00e1mica que recae por segunda vez en su historia en nuestro pa\u00eds. El tema de este a\u00f1o es \u00ab\u00a0Interconnected Pottery Geographies. Reflections of [&hellip;]<\/p>\n","protected":false},"author":1,"featured_media":0,"comment_status":"closed","ping_status":"closed","sticky":false,"template":"","format":"standard","meta":{"footnotes":""},"categories":[3,5],"tags":[],"class_list":["post-3315","post","type-post","status-publish","format-standard","hentry","category-information","category-nouveaute"],"_links":{"self":[{"href":"https:\/\/sfecag.org\/index.php\/wp-json\/wp\/v2\/posts\/3315","targetHints":{"allow":["GET"]}}],"collection":[{"href":"https:\/\/sfecag.org\/index.php\/wp-json\/wp\/v2\/posts"}],"about":[{"href":"https:\/\/sfecag.org\/index.php\/wp-json\/wp\/v2\/types\/post"}],"author":[{"embeddable":true,"href":"https:\/\/sfecag.org\/index.php\/wp-json\/wp\/v2\/users\/1"}],"replies":[{"embeddable":true,"href":"https:\/\/sfecag.org\/index.php\/wp-json\/wp\/v2\/comments?post=3315"}],"version-history":[{"count":1,"href":"https:\/\/sfecag.org\/index.php\/wp-json\/wp\/v2\/posts\/3315\/revisions"}],"predecessor-version":[{"id":3317,"href":"https:\/\/sfecag.org\/index.php\/wp-json\/wp\/v2\/posts\/3315\/revisions\/3317"}],"wp:attachment":[{"href":"https:\/\/sfecag.org\/index.php\/wp-json\/wp\/v2\/media?parent=3315"}],"wp:term":[{"taxonomy":"category","embeddable":true,"href":"https:\/\/sfecag.org\/index.php\/wp-json\/wp\/v2\/categories?post=3315"},{"taxonomy":"post_tag","embeddable":true,"href":"https:\/\/sfecag.org\/index.php\/wp-json\/wp\/v2\/tags?post=3315"}],"curies":[{"name":"wp","href":"https:\/\/api.w.org\/{rel}","templated":true}]}}