{"id":3318,"date":"2026-03-13T11:07:21","date_gmt":"2026-03-13T10:07:21","guid":{"rendered":"https:\/\/sfecag.org\/?p=3318"},"modified":"2026-03-13T11:07:21","modified_gmt":"2026-03-13T10:07:21","slug":"facem-9e-edition","status":"publish","type":"post","link":"https:\/\/sfecag.org\/index.php\/2026\/03\/13\/facem-9e-edition\/","title":{"rendered":"FACEM &#8211; 9e \u00e9dition"},"content":{"rendered":"<p>Dear colleagues,<\/p>\n<p>&nbsp;<\/p>\n<p>We proudly announce the\u00a0<strong>ninth edition<\/strong>\u00a0of\u00a0<strong>FACEM <\/strong>(<a href=\"http:\/\/www.facem.at\" data-saferedirecturl=\"https:\/\/www.google.com\/url?q=http:\/\/www.facem.at&amp;source=gmail&amp;ust=1773482515187000&amp;usg=AOvVaw3GmRlb1xdGABGswn0pNbar\">www.facem.at<\/a>)!<\/p>\n<p>This edition contains several articles on the composition of coarse pottery from southern Lazio, Italy, dating from the 4<sup>th<\/sup>\u00a0to the 1<sup>st<\/sup>\u00a0centuries BC. There is also a contribution on an Archaic composition of architectural terracotta produced in Syracuse.<\/p>\n<p>More news is that, since 2024, together with the IT-Support for Research, University of Vienna, new software has been developed that allows FACEM to comply with the FAIR principles. Furthermore, while retaining the acronym, the name \u00ab\u00a0Fabrics of the Central Mediterranean\u00a0\u00bb has been changed to \u00ab\u00a0Fabrics of Ancient Ceramics in the Mediterranean\u00a0\u00bb due to the planned expansion of ceramic fabrics beyond the original chronological and geographical scope of the database.<\/p>\n<p>&nbsp;<\/p>\n<p>The FACEM editorial team (names in alphabetical order)<\/p>\n<p>Babette Bechtold, Barbara Borgers, Verena Gassner, and Carina Hasenzagl<\/p>\n<p>&nbsp;<\/p>\n<p>Cari colleghi,<\/p>\n<p>siamo lieti di annunciare <strong>la nona edizione di FACEM<\/strong> (<a href=\"http:\/\/www.facem.at\" data-saferedirecturl=\"https:\/\/www.google.com\/url?q=http:\/\/www.facem.at&amp;source=gmail&amp;ust=1773482515187000&amp;usg=AOvVaw3GmRlb1xdGABGswn0pNbar\">www.facem.at<\/a>)!<\/p>\n<p>Questa edizione contiene diversi articoli sulla composizione della ceramica grezza proveniente dal Lazio meridionale, in Italia, risalente al IV-I secolo a.C. \u00c8 presente anche un contributo su una composizione arcaica di terracotta architettonica prodotta a Siracusa.<\/p>\n<p>Un&rsquo;altra novit\u00e0 \u00e8 che, dal 2024, \u00e8 stato sviluppato un nuovo software che consente a FACEM di conformarsi ai principi FAIR. Inoltre, pur mantenendo l&rsquo;acronimo, il nome \u201cFabrics of the Central Mediterranean\u201d \u00e8 stato cambiato in \u201cFabrics of Ancient Ceramics in the Mediterranean\u201d a causa della prevista espansione delle composizioni ceramiche oltre l&rsquo;ambito cronologico e geografico originale del database.<\/p>\n<p>&nbsp;<\/p>\n<p>Il team editoriale di FACEM (nomi in ordine alfabetico)<\/p>\n<p>Babette Bechtold, Barbara Borgers, Verena Gassner e Carina Hasenzagl<\/p>\n","protected":false},"excerpt":{"rendered":"<p>Dear colleagues, &nbsp; We proudly announce the\u00a0ninth edition\u00a0of\u00a0FACEM (www.facem.at)! This edition contains several articles on the composition of coarse pottery from southern Lazio, Italy, dating from the 4th\u00a0to the 1st\u00a0centuries BC. There is also a contribution on an Archaic composition of architectural terracotta produced in Syracuse. More news is that, since 2024, together with the [&hellip;]<\/p>\n","protected":false},"author":1,"featured_media":0,"comment_status":"closed","ping_status":"closed","sticky":false,"template":"","format":"standard","meta":{"footnotes":""},"categories":[3,5],"tags":[],"class_list":["post-3318","post","type-post","status-publish","format-standard","hentry","category-information","category-nouveaute"],"_links":{"self":[{"href":"https:\/\/sfecag.org\/index.php\/wp-json\/wp\/v2\/posts\/3318","targetHints":{"allow":["GET"]}}],"collection":[{"href":"https:\/\/sfecag.org\/index.php\/wp-json\/wp\/v2\/posts"}],"about":[{"href":"https:\/\/sfecag.org\/index.php\/wp-json\/wp\/v2\/types\/post"}],"author":[{"embeddable":true,"href":"https:\/\/sfecag.org\/index.php\/wp-json\/wp\/v2\/users\/1"}],"replies":[{"embeddable":true,"href":"https:\/\/sfecag.org\/index.php\/wp-json\/wp\/v2\/comments?post=3318"}],"version-history":[{"count":1,"href":"https:\/\/sfecag.org\/index.php\/wp-json\/wp\/v2\/posts\/3318\/revisions"}],"predecessor-version":[{"id":3319,"href":"https:\/\/sfecag.org\/index.php\/wp-json\/wp\/v2\/posts\/3318\/revisions\/3319"}],"wp:attachment":[{"href":"https:\/\/sfecag.org\/index.php\/wp-json\/wp\/v2\/media?parent=3318"}],"wp:term":[{"taxonomy":"category","embeddable":true,"href":"https:\/\/sfecag.org\/index.php\/wp-json\/wp\/v2\/categories?post=3318"},{"taxonomy":"post_tag","embeddable":true,"href":"https:\/\/sfecag.org\/index.php\/wp-json\/wp\/v2\/tags?post=3318"}],"curies":[{"name":"wp","href":"https:\/\/api.w.org\/{rel}","templated":true}]}}