{"id":3320,"date":"2026-03-13T11:09:59","date_gmt":"2026-03-13T10:09:59","guid":{"rendered":"https:\/\/sfecag.org\/?p=3320"},"modified":"2026-03-13T11:13:51","modified_gmt":"2026-03-13T10:13:51","slug":"viii-congreso-internacional-de-la-secah","status":"publish","type":"post","link":"https:\/\/sfecag.org\/index.php\/2026\/03\/13\/viii-congreso-internacional-de-la-secah\/","title":{"rendered":"VIII CONGRESO INTERNACIONAL DE LA SECAH 10.06-13.06.2026"},"content":{"rendered":"<p>La Sociedad de Estudios de la Cer\u00e1mica Antigua en Hispania (SECAH) celebra su VIII Congreso Internacional, que tendr\u00e1 lugar entre el <strong>10 y el 13 de junio<\/strong> del a\u00f1o <strong>2026<\/strong> en <strong>Ourense y Lugo<\/strong>, con el t\u00edtulo:<\/p>\n<div><strong>Producci\u00f3n, distribuci\u00f3n y consumo de cer\u00e1micas en los territorios Atl\u00e1nticos de la Pen\u00ednsula Ib\u00e9rica (s. IV a.C. \u2013 s. VII d.C.)<\/strong><\/div>\n<div><\/div>\n<div>Informations sur le site de la SECAH :<br \/>\n<a href=\"https:\/\/www.exofficinahispana.org\/8-congreso-internacional-secah-1-circular\/\">https:\/\/www.exofficinahispana.org\/8-congreso-internacional-secah-1-circular\/<\/a><\/div>\n","protected":false},"excerpt":{"rendered":"<p>La Sociedad de Estudios de la Cer\u00e1mica Antigua en Hispania (SECAH) celebra su VIII Congreso Internacional, que tendr\u00e1 lugar entre el 10 y el 13 de junio del a\u00f1o 2026 en Ourense y Lugo, con el t\u00edtulo: Producci\u00f3n, distribuci\u00f3n y consumo de cer\u00e1micas en los territorios Atl\u00e1nticos de la Pen\u00ednsula Ib\u00e9rica (s. IV a.C. \u2013 [&hellip;]<\/p>\n","protected":false},"author":1,"featured_media":0,"comment_status":"closed","ping_status":"closed","sticky":false,"template":"","format":"standard","meta":{"footnotes":""},"categories":[3,5],"tags":[],"class_list":["post-3320","post","type-post","status-publish","format-standard","hentry","category-information","category-nouveaute"],"_links":{"self":[{"href":"https:\/\/sfecag.org\/index.php\/wp-json\/wp\/v2\/posts\/3320","targetHints":{"allow":["GET"]}}],"collection":[{"href":"https:\/\/sfecag.org\/index.php\/wp-json\/wp\/v2\/posts"}],"about":[{"href":"https:\/\/sfecag.org\/index.php\/wp-json\/wp\/v2\/types\/post"}],"author":[{"embeddable":true,"href":"https:\/\/sfecag.org\/index.php\/wp-json\/wp\/v2\/users\/1"}],"replies":[{"embeddable":true,"href":"https:\/\/sfecag.org\/index.php\/wp-json\/wp\/v2\/comments?post=3320"}],"version-history":[{"count":2,"href":"https:\/\/sfecag.org\/index.php\/wp-json\/wp\/v2\/posts\/3320\/revisions"}],"predecessor-version":[{"id":3322,"href":"https:\/\/sfecag.org\/index.php\/wp-json\/wp\/v2\/posts\/3320\/revisions\/3322"}],"wp:attachment":[{"href":"https:\/\/sfecag.org\/index.php\/wp-json\/wp\/v2\/media?parent=3320"}],"wp:term":[{"taxonomy":"category","embeddable":true,"href":"https:\/\/sfecag.org\/index.php\/wp-json\/wp\/v2\/categories?post=3320"},{"taxonomy":"post_tag","embeddable":true,"href":"https:\/\/sfecag.org\/index.php\/wp-json\/wp\/v2\/tags?post=3320"}],"curies":[{"name":"wp","href":"https:\/\/api.w.org\/{rel}","templated":true}]}}