{"id":3335,"date":"2026-04-29T07:55:17","date_gmt":"2026-04-29T05:55:17","guid":{"rendered":"https:\/\/sfecag.org\/?p=3335"},"modified":"2026-04-29T07:55:17","modified_gmt":"2026-04-29T05:55:17","slug":"traceologie-et-usages-des-ceramiques-archeologiques-3-4-juin-2026","status":"publish","type":"post","link":"https:\/\/sfecag.org\/index.php\/2026\/04\/29\/traceologie-et-usages-des-ceramiques-archeologiques-3-4-juin-2026\/","title":{"rendered":"Trac\u00e9ologie et usages des c\u00e9ramiques arch\u00e9ologiques (3-4 juin 2026)"},"content":{"rendered":"<p><span style=\"font-size: 14pt;\">Journ\u00e9es d\u2019\u00e9tude :<\/span><\/p>\n<p><strong><span style=\"font-size: 14pt;\">Trac\u00e9ologie et usages des c\u00e9ramiques arch\u00e9ologiques : \u00e9tudes de cas et perspectives<br \/>\n3 et 4 juin 2026<\/span><\/strong><\/p>\n<p>Toulouse &#8211; Campus de l&rsquo;Universit\u00e9 Jean Jaur\u00e8s<br \/>\nMaison de la recherche, salle D30 (rez-de-chauss\u00e9e)<br \/>\n5 all\u00e9e Antonio Machado &#8211; 31100 Toulouse<br \/>\nM\u00e9tro A \/ bus 14 (station Mirail-Universit\u00e9)<br \/>\nEntr\u00e9e libre et gratuite<br \/>\nContact : traceo_ceramique@archeodunum.fr<\/p>\n<p><a href=\"http:\/\/sfecag.org\/wp-content\/uploads\/2026\/04\/TR_traceo_affiche.pdf\">PROGRAMME &#8211; AFFICHE<\/a><\/p>\n","protected":false},"excerpt":{"rendered":"<p>Journ\u00e9es d\u2019\u00e9tude : Trac\u00e9ologie et usages des c\u00e9ramiques arch\u00e9ologiques : \u00e9tudes de cas et perspectives 3 et 4 juin 2026 Toulouse &#8211; Campus de l&rsquo;Universit\u00e9 Jean Jaur\u00e8s Maison de la recherche, salle D30 (rez-de-chauss\u00e9e) 5 all\u00e9e Antonio Machado &#8211; 31100 Toulouse M\u00e9tro A \/ bus 14 (station Mirail-Universit\u00e9) Entr\u00e9e libre et gratuite Contact : traceo_ceramique@archeodunum.fr [&hellip;]<\/p>\n","protected":false},"author":1,"featured_media":0,"comment_status":"closed","ping_status":"closed","sticky":false,"template":"","format":"standard","meta":{"footnotes":""},"categories":[1],"tags":[],"class_list":["post-3335","post","type-post","status-publish","format-standard","hentry","category-non-classe"],"_links":{"self":[{"href":"https:\/\/sfecag.org\/index.php\/wp-json\/wp\/v2\/posts\/3335","targetHints":{"allow":["GET"]}}],"collection":[{"href":"https:\/\/sfecag.org\/index.php\/wp-json\/wp\/v2\/posts"}],"about":[{"href":"https:\/\/sfecag.org\/index.php\/wp-json\/wp\/v2\/types\/post"}],"author":[{"embeddable":true,"href":"https:\/\/sfecag.org\/index.php\/wp-json\/wp\/v2\/users\/1"}],"replies":[{"embeddable":true,"href":"https:\/\/sfecag.org\/index.php\/wp-json\/wp\/v2\/comments?post=3335"}],"version-history":[{"count":1,"href":"https:\/\/sfecag.org\/index.php\/wp-json\/wp\/v2\/posts\/3335\/revisions"}],"predecessor-version":[{"id":3337,"href":"https:\/\/sfecag.org\/index.php\/wp-json\/wp\/v2\/posts\/3335\/revisions\/3337"}],"wp:attachment":[{"href":"https:\/\/sfecag.org\/index.php\/wp-json\/wp\/v2\/media?parent=3335"}],"wp:term":[{"taxonomy":"category","embeddable":true,"href":"https:\/\/sfecag.org\/index.php\/wp-json\/wp\/v2\/categories?post=3335"},{"taxonomy":"post_tag","embeddable":true,"href":"https:\/\/sfecag.org\/index.php\/wp-json\/wp\/v2\/tags?post=3335"}],"curies":[{"name":"wp","href":"https:\/\/api.w.org\/{rel}","templated":true}]}}